{"id":5329,"date":"2026-03-01T17:38:46","date_gmt":"2026-03-01T16:38:46","guid":{"rendered":"https:\/\/rueilavelo.fr\/rav\/?p=5329"},"modified":"2026-03-01T17:38:46","modified_gmt":"2026-03-01T16:38:46","slug":"sortie-vers-paris-sous-un-beau-soleil-dhiver","status":"publish","type":"post","link":"https:\/\/rueilavelo.fr\/rav\/2026\/03\/01\/sortie-vers-paris-sous-un-beau-soleil-dhiver\/","title":{"rendered":"Sortie vers Paris sous un beau soleil d&rsquo;hiver"},"content":{"rendered":"\n<p>Balade avec 15 cyclistes motiv\u00e9s, \u00e0 la d\u00e9couverte de nouveaux chemins vers Paris ; all\u00e9e par Saint Cloud et la passerelle de l&rsquo;Avre ; retour avec les All\u00e9es de Neuilly et exploration des tunnels de La D\u00e9fense&#8230;<\/p>\n\n\n\n<figure class=\"wp-block-image size-full\"><img loading=\"lazy\" decoding=\"async\" width=\"825\" height=\"621\" src=\"https:\/\/rueilavelo.fr\/rav\/wp-content\/uploads\/2026\/03\/Capture-decran-2026-03-01-173533.png\" alt=\"\" class=\"wp-image-5334\" srcset=\"https:\/\/rueilavelo.fr\/rav\/wp-content\/uploads\/2026\/03\/Capture-decran-2026-03-01-173533.png 825w, https:\/\/rueilavelo.fr\/rav\/wp-content\/uploads\/2026\/03\/Capture-decran-2026-03-01-173533-300x226.png 300w, https:\/\/rueilavelo.fr\/rav\/wp-content\/uploads\/2026\/03\/Capture-decran-2026-03-01-173533-768x578.png 768w\" sizes=\"auto, (max-width: 825px) 100vw, 825px\" \/><\/figure>\n\n\n\n<p>Sur la passerelle de l&rsquo;Avre :<\/p>\n\n\n\n<figure class=\"wp-block-image size-full\"><img loading=\"lazy\" decoding=\"async\" width=\"952\" height=\"673\" src=\"https:\/\/rueilavelo.fr\/rav\/wp-content\/uploads\/2026\/03\/Capture-decran-2026-03-01-173259.png\" alt=\"\" class=\"wp-image-5332\" srcset=\"https:\/\/rueilavelo.fr\/rav\/wp-content\/uploads\/2026\/03\/Capture-decran-2026-03-01-173259.png 952w, https:\/\/rueilavelo.fr\/rav\/wp-content\/uploads\/2026\/03\/Capture-decran-2026-03-01-173259-300x212.png 300w, https:\/\/rueilavelo.fr\/rav\/wp-content\/uploads\/2026\/03\/Capture-decran-2026-03-01-173259-768x543.png 768w\" sizes=\"auto, (max-width: 952px) 100vw, 952px\" \/><\/figure>\n\n\n\n<p>A la sortie du tunnel v\u00e9lo sous la place de l&rsquo;Etoile :<\/p>\n\n\n\n<figure class=\"wp-block-image size-full\"><img loading=\"lazy\" decoding=\"async\" width=\"949\" height=\"677\" src=\"https:\/\/rueilavelo.fr\/rav\/wp-content\/uploads\/2026\/03\/Capture-decran-2026-03-01-173428.png\" alt=\"\" class=\"wp-image-5333\" srcset=\"https:\/\/rueilavelo.fr\/rav\/wp-content\/uploads\/2026\/03\/Capture-decran-2026-03-01-173428.png 949w, https:\/\/rueilavelo.fr\/rav\/wp-content\/uploads\/2026\/03\/Capture-decran-2026-03-01-173428-300x214.png 300w, https:\/\/rueilavelo.fr\/rav\/wp-content\/uploads\/2026\/03\/Capture-decran-2026-03-01-173428-768x548.png 768w\" sizes=\"auto, (max-width: 949px) 100vw, 949px\" \/><\/figure>\n\n\n\n<p>Derri\u00e8re la Grande Arche :<\/p>\n\n\n\n<figure class=\"wp-block-image size-large\"><img loading=\"lazy\" decoding=\"async\" width=\"1024\" height=\"653\" src=\"https:\/\/rueilavelo.fr\/rav\/wp-content\/uploads\/2026\/03\/Capture-decran-2026-03-01-173643-1024x653.png\" alt=\"\" class=\"wp-image-5335\" srcset=\"https:\/\/rueilavelo.fr\/rav\/wp-content\/uploads\/2026\/03\/Capture-decran-2026-03-01-173643-1024x653.png 1024w, https:\/\/rueilavelo.fr\/rav\/wp-content\/uploads\/2026\/03\/Capture-decran-2026-03-01-173643-300x191.png 300w, https:\/\/rueilavelo.fr\/rav\/wp-content\/uploads\/2026\/03\/Capture-decran-2026-03-01-173643-768x490.png 768w, https:\/\/rueilavelo.fr\/rav\/wp-content\/uploads\/2026\/03\/Capture-decran-2026-03-01-173643.png 1124w\" sizes=\"auto, (max-width: 1024px) 100vw, 1024px\" \/><\/figure>\n","protected":false},"excerpt":{"rendered":"<p>Balade avec 15 cyclistes motiv\u00e9s, \u00e0 la d\u00e9couverte de nouveaux chemins vers Paris ; all\u00e9e par Saint Cloud et la &hellip; <a href=\"https:\/\/rueilavelo.fr\/rav\/2026\/03\/01\/sortie-vers-paris-sous-un-beau-soleil-dhiver\/\" class=\"more-link\">Plus <span class=\"screen-reader-text\">Sortie vers Paris sous un beau soleil d&rsquo;hiver<\/span> <span class=\"meta-nav\">&rarr;<\/span><\/a><\/p>\n","protected":false},"author":5,"featured_media":5330,"comment_status":"open","ping_status":"open","sticky":false,"template":"","format":"standard","meta":{"footnotes":""},"categories":[28],"tags":[],"class_list":["post-5329","post","type-post","status-publish","format-standard","has-post-thumbnail","hentry","category-balades"],"_links":{"self":[{"href":"https:\/\/rueilavelo.fr\/rav\/wp-json\/wp\/v2\/posts\/5329","targetHints":{"allow":["GET"]}}],"collection":[{"href":"https:\/\/rueilavelo.fr\/rav\/wp-json\/wp\/v2\/posts"}],"about":[{"href":"https:\/\/rueilavelo.fr\/rav\/wp-json\/wp\/v2\/types\/post"}],"author":[{"embeddable":true,"href":"https:\/\/rueilavelo.fr\/rav\/wp-json\/wp\/v2\/users\/5"}],"replies":[{"embeddable":true,"href":"https:\/\/rueilavelo.fr\/rav\/wp-json\/wp\/v2\/comments?post=5329"}],"version-history":[{"count":1,"href":"https:\/\/rueilavelo.fr\/rav\/wp-json\/wp\/v2\/posts\/5329\/revisions"}],"predecessor-version":[{"id":5336,"href":"https:\/\/rueilavelo.fr\/rav\/wp-json\/wp\/v2\/posts\/5329\/revisions\/5336"}],"wp:featuredmedia":[{"embeddable":true,"href":"https:\/\/rueilavelo.fr\/rav\/wp-json\/wp\/v2\/media\/5330"}],"wp:attachment":[{"href":"https:\/\/rueilavelo.fr\/rav\/wp-json\/wp\/v2\/media?parent=5329"}],"wp:term":[{"taxonomy":"category","embeddable":true,"href":"https:\/\/rueilavelo.fr\/rav\/wp-json\/wp\/v2\/categories?post=5329"},{"taxonomy":"post_tag","embeddable":true,"href":"https:\/\/rueilavelo.fr\/rav\/wp-json\/wp\/v2\/tags?post=5329"}],"curies":[{"name":"wp","href":"https:\/\/api.w.org\/{rel}","templated":true}]}}