{"id":5341,"date":"2026-03-09T19:36:23","date_gmt":"2026-03-09T18:36:23","guid":{"rendered":"https:\/\/rueilavelo.fr\/rav\/?p=5341"},"modified":"2026-03-09T19:36:23","modified_gmt":"2026-03-09T18:36:23","slug":"carton-plein-pour-le-velo-dans-rueil-infos-de-mars-2026","status":"publish","type":"post","link":"https:\/\/rueilavelo.fr\/rav\/2026\/03\/09\/carton-plein-pour-le-velo-dans-rueil-infos-de-mars-2026\/","title":{"rendered":"Carton plein pour le v\u00e9lo dans Rueil Infos de mars 2026"},"content":{"rendered":"\n<p><\/p>\n\n\n\n<p>La pratique du v\u00e9lo est \u00e0 l&rsquo;honneur dans la derni\u00e8re livraisons de Rueil Infos ; si vous ne l&rsquo;avez pas eu dans votre boite \u00e0 lettre c&rsquo;est ici : <a href=\"https:\/\/www.villederueil.fr\/fr\/publications\/rueil-infos-mars-2026\">https:\/\/www.villederueil.fr\/fr\/publications\/rueil-infos-mars-2026<\/a><\/p>\n\n\n\n<p>L&rsquo;\u00e9dito page 5 parle d\u00e9ja de votre asso v\u00e9lo pr\u00e9f\u00e9r\u00e9e.<\/p>\n\n\n\n<p>Ensuite pages 8 et 9 on trouve un dossier sur la pratique du v\u00e9lo \u00e0 Rueil.<\/p>\n\n\n\n<p>En page 11 est expliqu\u00e9 le Savoir Rouler \u00e0 V\u00e9lo (SRAV) qui \u00e0 terme devrait permettre \u00e0 tous les \u00e9l\u00e8ves de CM2 de circuler en s\u00e9curit\u00e9 \u00e0 v\u00e9lo dans nos rues. Des b\u00e9n\u00e9voles de Rueil A V\u00e9lo aident \u00e0 encadrer les enfants lors de leur circuit sur route ouverte, en compagnie des animateurs des sports de la Mairie et des instituteurs ; si vous voulez aider, merci de vous faire connaitre : prochaine promotion en  mai \/ juin 2026.<\/p>\n\n\n\n<figure class=\"wp-block-image size-full\"><img loading=\"lazy\" decoding=\"async\" width=\"714\" height=\"369\" src=\"https:\/\/rueilavelo.fr\/rav\/wp-content\/uploads\/2026\/03\/srav-r-infos.jpg\" alt=\"\" class=\"wp-image-5344\" srcset=\"https:\/\/rueilavelo.fr\/rav\/wp-content\/uploads\/2026\/03\/srav-r-infos.jpg 714w, https:\/\/rueilavelo.fr\/rav\/wp-content\/uploads\/2026\/03\/srav-r-infos-300x155.jpg 300w\" sizes=\"auto, (max-width: 714px) 100vw, 714px\" \/><\/figure>\n\n\n\n<p>En pages 32 et 33, les 3 associations de cyclistes de Rueil sont pr\u00e9sent\u00e9es : le RAC cyclisme, l&rsquo;Abeille cyclo et &#8230; Rueil A V\u00e9lo. Tout le monde peut trouver une activit\u00e9 cycliste selon ses souhaits !!<\/p>\n\n\n\n<p>Bonne lecture !<\/p>\n","protected":false},"excerpt":{"rendered":"<p>La pratique du v\u00e9lo est \u00e0 l&rsquo;honneur dans la derni\u00e8re livraisons de Rueil Infos ; si vous ne l&rsquo;avez pas &hellip; <a href=\"https:\/\/rueilavelo.fr\/rav\/2026\/03\/09\/carton-plein-pour-le-velo-dans-rueil-infos-de-mars-2026\/\" class=\"more-link\">Plus <span class=\"screen-reader-text\">Carton plein pour le v\u00e9lo dans Rueil Infos de mars 2026<\/span> <span class=\"meta-nav\">&rarr;<\/span><\/a><\/p>\n","protected":false},"author":5,"featured_media":5342,"comment_status":"open","ping_status":"open","sticky":false,"template":"","format":"standard","meta":{"footnotes":""},"categories":[31,3],"tags":[],"class_list":["post-5341","post","type-post","status-publish","format-standard","has-post-thumbnail","hentry","category-actualites","category-rueil-a-velo"],"_links":{"self":[{"href":"https:\/\/rueilavelo.fr\/rav\/wp-json\/wp\/v2\/posts\/5341","targetHints":{"allow":["GET"]}}],"collection":[{"href":"https:\/\/rueilavelo.fr\/rav\/wp-json\/wp\/v2\/posts"}],"about":[{"href":"https:\/\/rueilavelo.fr\/rav\/wp-json\/wp\/v2\/types\/post"}],"author":[{"embeddable":true,"href":"https:\/\/rueilavelo.fr\/rav\/wp-json\/wp\/v2\/users\/5"}],"replies":[{"embeddable":true,"href":"https:\/\/rueilavelo.fr\/rav\/wp-json\/wp\/v2\/comments?post=5341"}],"version-history":[{"count":2,"href":"https:\/\/rueilavelo.fr\/rav\/wp-json\/wp\/v2\/posts\/5341\/revisions"}],"predecessor-version":[{"id":5345,"href":"https:\/\/rueilavelo.fr\/rav\/wp-json\/wp\/v2\/posts\/5341\/revisions\/5345"}],"wp:featuredmedia":[{"embeddable":true,"href":"https:\/\/rueilavelo.fr\/rav\/wp-json\/wp\/v2\/media\/5342"}],"wp:attachment":[{"href":"https:\/\/rueilavelo.fr\/rav\/wp-json\/wp\/v2\/media?parent=5341"}],"wp:term":[{"taxonomy":"category","embeddable":true,"href":"https:\/\/rueilavelo.fr\/rav\/wp-json\/wp\/v2\/categories?post=5341"},{"taxonomy":"post_tag","embeddable":true,"href":"https:\/\/rueilavelo.fr\/rav\/wp-json\/wp\/v2\/tags?post=5341"}],"curies":[{"name":"wp","href":"https:\/\/api.w.org\/{rel}","templated":true}]}}