{"id":5346,"date":"2026-03-12T10:01:46","date_gmt":"2026-03-12T09:01:46","guid":{"rendered":"https:\/\/rueilavelo.fr\/rav\/?p=5346"},"modified":"2026-03-13T10:28:57","modified_gmt":"2026-03-13T09:28:57","slug":"programme-velo-des-listes-aux-municipales-2026-de-rueil","status":"publish","type":"post","link":"https:\/\/rueilavelo.fr\/rav\/2026\/03\/12\/programme-velo-des-listes-aux-municipales-2026-de-rueil\/","title":{"rendered":"Programme v\u00e9lo des listes aux Municipales 2026 de Rueil"},"content":{"rendered":"\n<p>Rueil A V\u00e9lo fait partie du Collectif Rueil en Transition, avec d\u2019autres associations engag\u00e9es dans la transition climatique et \u00e9nerg\u00e9tique. Avec nos coll\u00e8gues, nous avons travaill\u00e9 pour d\u00e9finir une <strong>liste de propositions<\/strong> pour la commune de Rueil Malmaison, au cours de ces prochaines ann\u00e9es, sur les th\u00e9matiques qui nous sont ch\u00e8res et que nous portons \u00e0 notre niveau par nos activit\u00e9s et initiatives, soit principalement : l\u2019adaptation au changement climatique, la transition \u00e9nerg\u00e9tique, <strong>les mobilit\u00e9s actives,<\/strong> l\u2019alimentation et la sant\u00e9, la protection de la biodiversit\u00e9\u2026 Nous avons eu des entretiens avec les 3 listes candidates connues en f\u00e9vrier 2026, et elles nous ont fait un retour sur nos diff\u00e9rentes propositions. Ces retours ainsi que notre synth\u00e8se sont disponibles sur le <a href=\"https:\/\/rueilentransition.wordpress.com\/2026\/03\/11\/municipales-2026-reponses-des-listes-candidates-aux-propositions\/\">site de Rueil en Transition<\/a> ; pour vous donner l&rsquo;eau \u00e0 la bouche les \u00e9valuations donnent le r\u00e9sultat suivant (mais nous conseillons de lire l&rsquo;ensemble des documents) :<\/p>\n\n\n\n<figure class=\"wp-block-image size-large\"><img loading=\"lazy\" decoding=\"async\" width=\"1024\" height=\"588\" src=\"https:\/\/rueilavelo.fr\/rav\/wp-content\/uploads\/2026\/03\/synthese-RET-muni-2026-1024x588.jpg\" alt=\"\" class=\"wp-image-5350\" srcset=\"https:\/\/rueilavelo.fr\/rav\/wp-content\/uploads\/2026\/03\/synthese-RET-muni-2026-1024x588.jpg 1024w, https:\/\/rueilavelo.fr\/rav\/wp-content\/uploads\/2026\/03\/synthese-RET-muni-2026-300x172.jpg 300w, https:\/\/rueilavelo.fr\/rav\/wp-content\/uploads\/2026\/03\/synthese-RET-muni-2026-768x441.jpg 768w, https:\/\/rueilavelo.fr\/rav\/wp-content\/uploads\/2026\/03\/synthese-RET-muni-2026-1320x757.jpg 1320w, https:\/\/rueilavelo.fr\/rav\/wp-content\/uploads\/2026\/03\/synthese-RET-muni-2026.jpg 1537w\" sizes=\"auto, (max-width: 1024px) 100vw, 1024px\" \/><\/figure>\n\n\n\n<p>D&rsquo;autres information sur le programme v\u00e9lo des diff\u00e9rentes listes sont disponibles :<\/p>\n\n\n\n<p>sur le site du <a href=\"https:\/\/municipales2026.velo-iledefrance.fr\/villes\/rueil-malmaison\/\">Collectif V\u00e9lo Ile de France<\/a><\/p>\n\n\n\n<p>sur le site de la <a href=\"https:\/\/municipales2026.fub.fr\/commune\/92063-Rueil-Malmaison\/\">FUB<\/a><\/p>\n\n\n\n<p>Bonne lecture !!<\/p>\n\n\n\n<p><\/p>\n","protected":false},"excerpt":{"rendered":"<p>Rueil A V\u00e9lo fait partie du Collectif Rueil en Transition, avec d\u2019autres associations engag\u00e9es dans la transition climatique et \u00e9nerg\u00e9tique. &hellip; <a href=\"https:\/\/rueilavelo.fr\/rav\/2026\/03\/12\/programme-velo-des-listes-aux-municipales-2026-de-rueil\/\" class=\"more-link\">Plus <span class=\"screen-reader-text\">Programme v\u00e9lo des listes aux Municipales 2026 de Rueil<\/span> <span class=\"meta-nav\">&rarr;<\/span><\/a><\/p>\n","protected":false},"author":5,"featured_media":5347,"comment_status":"open","ping_status":"open","sticky":false,"template":"","format":"standard","meta":{"footnotes":""},"categories":[35,31],"tags":[],"class_list":["post-5346","post","type-post","status-publish","format-standard","has-post-thumbnail","hentry","category-actions-locales","category-actualites"],"_links":{"self":[{"href":"https:\/\/rueilavelo.fr\/rav\/wp-json\/wp\/v2\/posts\/5346","targetHints":{"allow":["GET"]}}],"collection":[{"href":"https:\/\/rueilavelo.fr\/rav\/wp-json\/wp\/v2\/posts"}],"about":[{"href":"https:\/\/rueilavelo.fr\/rav\/wp-json\/wp\/v2\/types\/post"}],"author":[{"embeddable":true,"href":"https:\/\/rueilavelo.fr\/rav\/wp-json\/wp\/v2\/users\/5"}],"replies":[{"embeddable":true,"href":"https:\/\/rueilavelo.fr\/rav\/wp-json\/wp\/v2\/comments?post=5346"}],"version-history":[{"count":3,"href":"https:\/\/rueilavelo.fr\/rav\/wp-json\/wp\/v2\/posts\/5346\/revisions"}],"predecessor-version":[{"id":5351,"href":"https:\/\/rueilavelo.fr\/rav\/wp-json\/wp\/v2\/posts\/5346\/revisions\/5351"}],"wp:featuredmedia":[{"embeddable":true,"href":"https:\/\/rueilavelo.fr\/rav\/wp-json\/wp\/v2\/media\/5347"}],"wp:attachment":[{"href":"https:\/\/rueilavelo.fr\/rav\/wp-json\/wp\/v2\/media?parent=5346"}],"wp:term":[{"taxonomy":"category","embeddable":true,"href":"https:\/\/rueilavelo.fr\/rav\/wp-json\/wp\/v2\/categories?post=5346"},{"taxonomy":"post_tag","embeddable":true,"href":"https:\/\/rueilavelo.fr\/rav\/wp-json\/wp\/v2\/tags?post=5346"}],"curies":[{"name":"wp","href":"https:\/\/api.w.org\/{rel}","templated":true}]}}